{"id":1206,"date":"2025-05-05T10:50:17","date_gmt":"2025-05-05T10:50:17","guid":{"rendered":"https:\/\/www.gsl.lu\/?p=1206"},"modified":"2025-06-10T20:21:51","modified_gmt":"2025-06-10T20:21:51","slug":"reforme-fiscale-2025-au-luxembourg-ce-qui-change-pour-vous","status":"publish","type":"post","link":"https:\/\/www.gsl.lu\/fr\/reforme-fiscale-2025-au-luxembourg-ce-qui-change-pour-vous\/","title":{"rendered":"R\u00e9forme fiscale 2025 au Luxembourg : Ce qui change pour vous"},"content":{"rendered":"<div class=\"fusion-fullwidth fullwidth-box fusion-builder-row-1 fusion-flex-container has-pattern-background has-mask-background nonhundred-percent-fullwidth non-hundred-percent-height-scrolling\" style=\"--awb-border-radius-top-left:0px;--awb-border-radius-top-right:0px;--awb-border-radius-bottom-right:0px;--awb-border-radius-bottom-left:0px;--awb-flex-wrap:wrap;\" ><div class=\"fusion-builder-row fusion-row fusion-flex-align-items-flex-start fusion-flex-content-wrap\" style=\"max-width:1248px;margin-left: calc(-4% \/ 2 );margin-right: calc(-4% \/ 2 );\"><div class=\"fusion-layout-column fusion_builder_column fusion-builder-column-0 fusion_builder_column_1_1 1_1 fusion-flex-column\" style=\"--awb-bg-size:cover;--awb-width-large:100%;--awb-margin-top-large:0px;--awb-spacing-right-large:1.92%;--awb-margin-bottom-large:0px;--awb-spacing-left-large:1.92%;--awb-width-medium:100%;--awb-order-medium:0;--awb-spacing-right-medium:1.92%;--awb-spacing-left-medium:1.92%;--awb-width-small:100%;--awb-order-small:0;--awb-spacing-right-small:1.92%;--awb-spacing-left-small:1.92%;\"><div class=\"fusion-column-wrapper fusion-column-has-shadow fusion-flex-justify-content-flex-start fusion-content-layout-column\"><div class=\"fusion-separator fusion-full-width-sep\" style=\"align-self: center;margin-left: auto;margin-right: auto;width:100%;\"><div class=\"fusion-separator-border sep-double\" style=\"--awb-height:20px;--awb-amount:20px;--awb-sep-color:#ffffff;border-color:#ffffff;border-top-width:1px;border-bottom-width:1px;\"><\/div><\/div><div class=\"fusion-separator fusion-full-width-sep\" style=\"align-self: center;margin-left: auto;margin-right: auto;width:100%;\"><div class=\"fusion-separator-border sep-double\" style=\"--awb-height:20px;--awb-amount:20px;--awb-sep-color:#ffffff;border-color:#ffffff;border-top-width:1px;border-bottom-width:1px;\"><\/div><\/div><div class=\"fusion-text fusion-text-1\"><p>En 2025, le Luxembourg adopte une r\u00e9forme fiscale majeure, avec des ajustements de l\u2019imp\u00f4t sur le revenu, des all\u00e8gements pour les entreprises et des mesures en faveur des jeunes travailleurs. Ces changements visent \u00e0 r\u00e9duire la pression fiscale, moderniser la fiscalit\u00e9 et renforcer l\u2019attractivit\u00e9 du pays.<\/p>\n<p><strong>\u00a0Ce qui change pour les particuliers<\/strong><\/p>\n<p>R\u00e9vision du bar\u00e8me de l\u2019imp\u00f4t<\/p>\n<ul>\n<li style=\"font-weight: 400;\" aria-level=\"1\">Ajustement de 6,5 tranches indiciaires entre 2024 et 2025 pour compenser l\u2019inflation.<\/li>\n<li style=\"font-weight: 400;\" aria-level=\"1\">Une famille avec 75.000\u20ac de revenus verra son imp\u00f4t r\u00e9duit de 14,7%.<\/li>\n<\/ul>\n<p>Exon\u00e9ration du salaire social minimum<\/p>\n<ul>\n<li style=\"font-weight: 400;\" aria-level=\"1\">\u00a0Les salari\u00e9s gagnant entre 1.800\u20ac et 3.000\u20ac brut\/mois b\u00e9n\u00e9ficieront d\u2019une exon\u00e9ration de 81\u20ac\/mois via le Cr\u00e9dit d\u2019Imp\u00f4t Salaire Social Minimum (CISSM).<\/li>\n<\/ul>\n<p>Soutien aux jeunes travailleurs<\/p>\n<ul>\n<li style=\"font-weight: 400;\" aria-level=\"1\">Une prime de 2.500\u20ac \u00e0 5.000\u20ac exon\u00e9r\u00e9e \u00e0 75% d\u2019imp\u00f4t sera accord\u00e9e aux jeunes de moins de 30 ans sous contrat \u00e0 dur\u00e9e ind\u00e9termin\u00e9e (CDI).<\/li>\n<\/ul>\n<p>Aide aux familles monoparentale<\/p>\n<ul>\n<li style=\"font-weight: 400;\" aria-level=\"1\">Le Cr\u00e9dit d\u2019Imp\u00f4t Monoparental (CIM) permettra aux parents seuls gagnant jusqu\u2019\u00e0 52.400\u20ac\/an de ne plus payer d\u2019imp\u00f4t.<\/li>\n<\/ul>\n<p>Primes participatives revues \u00e0 la hausse<\/p>\n<ul>\n<li style=\"font-weight: 400;\" aria-level=\"1\">\u00a0Les entreprises pourront verser jusqu\u2019\u00e0 7,5% de leurs b\u00e9n\u00e9fices sous forme de primes exon\u00e9r\u00e9es (contre 5% auparavant).<\/li>\n<\/ul>\n<p><strong>Les changements pour les entreprises<\/strong><\/p>\n<p>Baisse de l\u2019imp\u00f4t sur les soci\u00e9t\u00e9s (IS)<\/p>\n<ul>\n<li style=\"font-weight: 400;\" aria-level=\"1\">Pour les entreprises gagnant moins de 175.000\u20ac, le taux passe de 15% \u00e0 14%.<\/li>\n<li style=\"font-weight: 400;\" aria-level=\"1\">Pour celles d\u00e9passant 200.000\u20ac, il passe de 17% \u00e0 16%.<\/li>\n<\/ul>\n<p>Exon\u00e9ration des ETF de la taxe d\u2019abonnement<\/p>\n<ul>\n<li style=\"font-weight: 400;\" aria-level=\"1\">Objectif : stimuler l\u2019investissement dans les fonds cot\u00e9s et renforcer la place financi\u00e8re luxembourgeoise.<\/li>\n<\/ul>\n<p>Facilitation de la d\u00e9duction des co\u00fbts d\u2019emprunt<\/p>\n<ul>\n<li style=\"font-weight: 400;\" aria-level=\"1\">Les entreprises ind\u00e9pendantes auront plus de flexibilit\u00e9 pour d\u00e9duire leurs int\u00e9r\u00eats d\u2019emprunt.<\/li>\n<\/ul>\n<p>\ud83d\udca1 Exemple concret : Une PME souhaitant acheter un nouvel entrep\u00f4t pourra r\u00e9duire sa charge fiscale gr\u00e2ce \u00e0 la nouvelle d\u00e9ductibilit\u00e9 des emprunts.<\/p>\n<p><strong>Int\u00e9gration des directives europ\u00e9ennes<\/strong><\/p>\n<p>Directive (UE) 2020\/285 : Simplification pour les petites entreprises<\/p>\n<ul>\n<li style=\"font-weight: 400;\" aria-level=\"1\">Moins de formalit\u00e9s administratives pour les entreprises sous le R\u00e9gime Particulier des Petites Entreprises (RPE).<\/li>\n<\/ul>\n<p>Directive (UE) 2022\/542 : R\u00e9vision des taux de TVA<\/p>\n<ul>\n<li style=\"font-weight: 400;\" aria-level=\"1\">Harmonisation avec la r\u00e9glementation europ\u00e9enne pour plus de clart\u00e9 et de transparence.<\/li>\n<\/ul>\n<p>Modernisation des circulaires fiscales<\/p>\n<ul>\n<li style=\"font-weight: 400;\" aria-level=\"1\">Clarification des obligations pour r\u00e9duire les erreurs et simplifier les d\u00e9marches fiscales.<\/li>\n<\/ul>\n<p>En conclusion, la r\u00e9forme fiscale de 2025 marque une \u00e9tape cl\u00e9 pour le Luxembourg, en r\u00e9duisant la pression fiscale sur les m\u00e9nages et en soutenant la comp\u00e9titivit\u00e9 des entreprises. En adaptant son cadre fiscal aux d\u00e9fis \u00e9conomiques actuels, le pays renforce son attractivit\u00e9 tout en favorisant une croissance plus inclusive. Reste \u00e0 voir comment ces mesures profiteront concr\u00e8tement aux contribuables et aux investisseurs.<\/p>\n<p data-pm-slice=\"1 1 &#091;&#093;\">Vous souhaitez savoir ce que cette r\u00e9forme change concr\u00e8tement pour vous ou votre entreprise ? Contactez-nous.<\/p>\n<\/div><div class=\"fusion-separator fusion-full-width-sep\" style=\"align-self: center;margin-left: auto;margin-right: auto;width:100%;\"><div class=\"fusion-separator-border sep-double\" style=\"--awb-height:20px;--awb-amount:20px;--awb-sep-color:#ffffff;border-color:#ffffff;border-top-width:1px;border-bottom-width:1px;\"><\/div><\/div>\n<div class=\"wpcf7 no-js\" id=\"wpcf7-f652-o1\" lang=\"en-US\" dir=\"ltr\">\n<div class=\"screen-reader-response\"><p role=\"status\" aria-live=\"polite\" aria-atomic=\"true\"><\/p> <ul><\/ul><\/div>\n<form action=\"\/fr\/wp-json\/wp\/v2\/posts\/1206#wpcf7-f652-o1\" method=\"post\" class=\"wpcf7-form init\" aria-label=\"Contact form\" novalidate=\"novalidate\" data-status=\"init\">\n<div style=\"display: none;\">\n<input type=\"hidden\" name=\"_wpcf7\" value=\"652\" \/>\n<input type=\"hidden\" name=\"_wpcf7_version\" value=\"5.8.6\" \/>\n<input type=\"hidden\" name=\"_wpcf7_locale\" value=\"en_US\" \/>\n<input type=\"hidden\" name=\"_wpcf7_unit_tag\" value=\"wpcf7-f652-o1\" \/>\n<input type=\"hidden\" name=\"_wpcf7_container_post\" value=\"0\" \/>\n<input type=\"hidden\" name=\"_wpcf7_posted_data_hash\" value=\"\" \/>\n<input type=\"hidden\" name=\"_wpcf7_recaptcha_response\" value=\"\" \/>\n<\/div>\n<p><label> Votre nom<br \/>\n<span class=\"wpcf7-form-control-wrap\" data-name=\"your-name\"><input size=\"40\" class=\"wpcf7-form-control wpcf7-text wpcf7-validates-as-required\" autocomplete=\"name\" aria-required=\"true\" aria-invalid=\"false\" value=\"\" type=\"text\" name=\"your-name\" \/><\/span> <\/label>\n<\/p>\n<p><label> Votre email<br \/>\n<span class=\"wpcf7-form-control-wrap\" data-name=\"your-email\"><input size=\"40\" class=\"wpcf7-form-control wpcf7-email wpcf7-validates-as-required wpcf7-text wpcf7-validates-as-email\" autocomplete=\"email\" aria-required=\"true\" aria-invalid=\"false\" value=\"\" type=\"email\" name=\"your-email\" \/><\/span> <\/label>\n<\/p>\n<p><label> Sujet<br \/>\n<span class=\"wpcf7-form-control-wrap\" data-name=\"your-subject\"><input size=\"40\" class=\"wpcf7-form-control wpcf7-text wpcf7-validates-as-required\" aria-required=\"true\" aria-invalid=\"false\" value=\"\" type=\"text\" name=\"your-subject\" \/><\/span> <\/label>\n<\/p>\n<p><label> Votre message<br \/>\n<span class=\"wpcf7-form-control-wrap\" data-name=\"your-message\"><textarea cols=\"40\" rows=\"10\" class=\"wpcf7-form-control wpcf7-textarea wpcf7-validates-as-required\" aria-required=\"true\" aria-invalid=\"false\" name=\"your-message\"><\/textarea><\/span> <\/label>\n<\/p>\n<p><input class=\"wpcf7-form-control wpcf7-submit has-spinner\" type=\"submit\" value=\"Envoyer\" \/>\n<\/p><div class=\"fusion-alert alert custom alert-custom fusion-alert-center wpcf7-response-output awb-alert-native-link-color alert-dismissable awb-alert-close-boxed\" style=\"--awb-border-size:1px;--awb-border-top-left-radius:0px;--awb-border-top-right-radius:0px;--awb-border-bottom-left-radius:0px;--awb-border-bottom-right-radius:0px;\" role=\"alert\"><div class=\"fusion-alert-content-wrapper\"><span class=\"fusion-alert-content\"><\/span><\/div><button type=\"button\" class=\"close toggle-alert\" data-dismiss=\"alert\" aria-label=\"Close\">&times;<\/button><\/div>\n<\/form>\n<\/div>\n<\/div><\/div><\/div><\/div>\n","protected":false},"excerpt":{"rendered":"","protected":false},"author":2,"featured_media":1207,"comment_status":"closed","ping_status":"closed","sticky":false,"template":"","format":"standard","meta":{"footnotes":""},"categories":[20,32],"tags":[],"acf":[],"yoast_head":"<!-- This site is optimized with the Yoast SEO plugin v22.0 - https:\/\/yoast.com\/wordpress\/plugins\/seo\/ -->\n<title>R\u00e9forme fiscale 2025 au Luxembourg : Ce qui change pour vous - GSL<\/title>\n<meta name=\"description\" content=\"R\u00e9forme fiscale 2025 au Luxembourg: tout ce que vous devez savoir. Besoin d&#039;aide? N&#039;h\u00e9sitez pas \u00e0 nous contacter: info@gsl.lu\" \/>\n<meta name=\"robots\" content=\"index, follow, max-snippet:-1, max-image-preview:large, max-video-preview:-1\" \/>\n<link rel=\"canonical\" href=\"https:\/\/www.gsl.lu\/fr\/reforme-fiscale-2025-au-luxembourg-ce-qui-change-pour-vous\/\" \/>\n<meta property=\"og:locale\" content=\"fr_FR\" \/>\n<meta property=\"og:type\" content=\"article\" \/>\n<meta property=\"og:title\" content=\"R\u00e9forme fiscale 2025 au Luxembourg : Ce qui change pour vous - GSL\" \/>\n<meta property=\"og:description\" content=\"R\u00e9forme fiscale 2025 au Luxembourg: tout ce que vous devez savoir. Besoin d&#039;aide? N&#039;h\u00e9sitez pas \u00e0 nous contacter: info@gsl.lu\" \/>\n<meta property=\"og:url\" content=\"https:\/\/www.gsl.lu\/fr\/reforme-fiscale-2025-au-luxembourg-ce-qui-change-pour-vous\/\" \/>\n<meta property=\"og:site_name\" content=\"GSL\" \/>\n<meta property=\"article:publisher\" content=\"https:\/\/www.facebook.com\/GSLFiduciaire\" \/>\n<meta property=\"article:published_time\" content=\"2025-05-05T10:50:17+00:00\" \/>\n<meta property=\"article:modified_time\" content=\"2025-06-10T20:21:51+00:00\" \/>\n<meta property=\"og:image\" content=\"https:\/\/www.gsl.lu\/wp-content\/uploads\/2025\/05\/IMG_1845-scaled.jpg\" \/>\n\t<meta property=\"og:image:width\" content=\"2560\" \/>\n\t<meta property=\"og:image:height\" content=\"1706\" \/>\n\t<meta property=\"og:image:type\" content=\"image\/jpeg\" \/>\n<meta name=\"author\" content=\"Cynthia Cocard\" \/>\n<meta name=\"twitter:card\" content=\"summary_large_image\" \/>\n<meta name=\"twitter:label1\" content=\"\u00c9crit par\" \/>\n\t<meta name=\"twitter:data1\" content=\"Cynthia Cocard\" \/>\n\t<meta name=\"twitter:label2\" content=\"Dur\u00e9e de lecture estim\u00e9e\" \/>\n\t<meta name=\"twitter:data2\" content=\"3 minutes\" \/>\n<script type=\"application\/ld+json\" class=\"yoast-schema-graph\">{\"@context\":\"https:\/\/schema.org\",\"@graph\":[{\"@type\":\"Article\",\"@id\":\"https:\/\/www.gsl.lu\/fr\/reforme-fiscale-2025-au-luxembourg-ce-qui-change-pour-vous\/#article\",\"isPartOf\":{\"@id\":\"https:\/\/www.gsl.lu\/fr\/reforme-fiscale-2025-au-luxembourg-ce-qui-change-pour-vous\/\"},\"author\":{\"name\":\"Cynthia Cocard\",\"@id\":\"https:\/\/www.gsl.lu\/fr\/#\/schema\/person\/72ffffdc1fd88da61b4c2570135fe25f\"},\"headline\":\"R\u00e9forme fiscale 2025 au Luxembourg : Ce qui change pour vous\",\"datePublished\":\"2025-05-05T10:50:17+00:00\",\"dateModified\":\"2025-06-10T20:21:51+00:00\",\"mainEntityOfPage\":{\"@id\":\"https:\/\/www.gsl.lu\/fr\/reforme-fiscale-2025-au-luxembourg-ce-qui-change-pour-vous\/\"},\"wordCount\":1577,\"publisher\":{\"@id\":\"https:\/\/www.gsl.lu\/fr\/#organization\"},\"articleSection\":[\"Actualit\u00e9s\",\"Fiduciaire\"],\"inLanguage\":\"fr-FR\"},{\"@type\":\"WebPage\",\"@id\":\"https:\/\/www.gsl.lu\/fr\/reforme-fiscale-2025-au-luxembourg-ce-qui-change-pour-vous\/\",\"url\":\"https:\/\/www.gsl.lu\/fr\/reforme-fiscale-2025-au-luxembourg-ce-qui-change-pour-vous\/\",\"name\":\"R\u00e9forme fiscale 2025 au Luxembourg : Ce qui change pour vous - GSL\",\"isPartOf\":{\"@id\":\"https:\/\/www.gsl.lu\/fr\/#website\"},\"datePublished\":\"2025-05-05T10:50:17+00:00\",\"dateModified\":\"2025-06-10T20:21:51+00:00\",\"description\":\"R\u00e9forme fiscale 2025 au Luxembourg: tout ce que vous devez savoir. Besoin d'aide? N'h\u00e9sitez pas \u00e0 nous contacter: info@gsl.lu\",\"breadcrumb\":{\"@id\":\"https:\/\/www.gsl.lu\/fr\/reforme-fiscale-2025-au-luxembourg-ce-qui-change-pour-vous\/#breadcrumb\"},\"inLanguage\":\"fr-FR\",\"potentialAction\":[{\"@type\":\"ReadAction\",\"target\":[\"https:\/\/www.gsl.lu\/fr\/reforme-fiscale-2025-au-luxembourg-ce-qui-change-pour-vous\/\"]}]},{\"@type\":\"BreadcrumbList\",\"@id\":\"https:\/\/www.gsl.lu\/fr\/reforme-fiscale-2025-au-luxembourg-ce-qui-change-pour-vous\/#breadcrumb\",\"itemListElement\":[{\"@type\":\"ListItem\",\"position\":1,\"name\":\"Home\",\"item\":\"https:\/\/www.gsl.lu\/fr\/\"},{\"@type\":\"ListItem\",\"position\":2,\"name\":\"R\u00e9forme fiscale 2025 au Luxembourg : Ce qui change pour vous\"}]},{\"@type\":\"WebSite\",\"@id\":\"https:\/\/www.gsl.lu\/fr\/#website\",\"url\":\"https:\/\/www.gsl.lu\/fr\/\",\"name\":\"GSL\",\"description\":\"Fiduciaire | R\u00e9vision | Management\",\"publisher\":{\"@id\":\"https:\/\/www.gsl.lu\/fr\/#organization\"},\"potentialAction\":[{\"@type\":\"SearchAction\",\"target\":{\"@type\":\"EntryPoint\",\"urlTemplate\":\"https:\/\/www.gsl.lu\/fr\/?s={search_term_string}\"},\"query-input\":\"required name=search_term_string\"}],\"inLanguage\":\"fr-FR\"},{\"@type\":\"Organization\",\"@id\":\"https:\/\/www.gsl.lu\/fr\/#organization\",\"name\":\"GSL - Votre partenaire pour une gestion d\u2019entreprise r\u00e9ussie\",\"url\":\"https:\/\/www.gsl.lu\/fr\/\",\"logo\":{\"@type\":\"ImageObject\",\"inLanguage\":\"fr-FR\",\"@id\":\"https:\/\/www.gsl.lu\/fr\/#\/schema\/logo\/image\/\",\"url\":\"https:\/\/www.gsl.lu\/wp-content\/uploads\/2024\/02\/GSL-Group-Logo-2.jpg\",\"contentUrl\":\"https:\/\/www.gsl.lu\/wp-content\/uploads\/2024\/02\/GSL-Group-Logo-2.jpg\",\"width\":9449,\"height\":9449,\"caption\":\"GSL - Votre partenaire pour une gestion d\u2019entreprise r\u00e9ussie\"},\"image\":{\"@id\":\"https:\/\/www.gsl.lu\/fr\/#\/schema\/logo\/image\/\"},\"sameAs\":[\"https:\/\/www.facebook.com\/GSLFiduciaire\",\"https:\/\/www.linkedin.com\/company\/gsl-fiduciaire\",\"https:\/\/www.instagram.com\/gsl.lu\/\"]},{\"@type\":\"Person\",\"@id\":\"https:\/\/www.gsl.lu\/fr\/#\/schema\/person\/72ffffdc1fd88da61b4c2570135fe25f\",\"name\":\"Cynthia Cocard\",\"image\":{\"@type\":\"ImageObject\",\"inLanguage\":\"fr-FR\",\"@id\":\"https:\/\/www.gsl.lu\/fr\/#\/schema\/person\/image\/\",\"url\":\"https:\/\/secure.gravatar.com\/avatar\/16a0eb9a3cf1f1383aaef90672f3836b?s=96&d=mm&r=g\",\"contentUrl\":\"https:\/\/secure.gravatar.com\/avatar\/16a0eb9a3cf1f1383aaef90672f3836b?s=96&d=mm&r=g\",\"caption\":\"Cynthia Cocard\"},\"url\":\"https:\/\/www.gsl.lu\/fr\/author\/kontaktcynthiacocard-com\/\"}]}<\/script>\n<!-- \/ Yoast SEO plugin. -->","yoast_head_json":{"title":"R\u00e9forme fiscale 2025 au Luxembourg : Ce qui change pour vous - GSL","description":"R\u00e9forme fiscale 2025 au Luxembourg: tout ce que vous devez savoir. Besoin d'aide? N'h\u00e9sitez pas \u00e0 nous contacter: info@gsl.lu","robots":{"index":"index","follow":"follow","max-snippet":"max-snippet:-1","max-image-preview":"max-image-preview:large","max-video-preview":"max-video-preview:-1"},"canonical":"https:\/\/www.gsl.lu\/fr\/reforme-fiscale-2025-au-luxembourg-ce-qui-change-pour-vous\/","og_locale":"fr_FR","og_type":"article","og_title":"R\u00e9forme fiscale 2025 au Luxembourg : Ce qui change pour vous - GSL","og_description":"R\u00e9forme fiscale 2025 au Luxembourg: tout ce que vous devez savoir. Besoin d'aide? N'h\u00e9sitez pas \u00e0 nous contacter: info@gsl.lu","og_url":"https:\/\/www.gsl.lu\/fr\/reforme-fiscale-2025-au-luxembourg-ce-qui-change-pour-vous\/","og_site_name":"GSL","article_publisher":"https:\/\/www.facebook.com\/GSLFiduciaire","article_published_time":"2025-05-05T10:50:17+00:00","article_modified_time":"2025-06-10T20:21:51+00:00","og_image":[{"width":2560,"height":1706,"url":"https:\/\/www.gsl.lu\/wp-content\/uploads\/2025\/05\/IMG_1845-scaled.jpg","type":"image\/jpeg"}],"author":"Cynthia Cocard","twitter_card":"summary_large_image","twitter_misc":{"\u00c9crit par":"Cynthia Cocard","Dur\u00e9e de lecture estim\u00e9e":"3 minutes"},"schema":{"@context":"https:\/\/schema.org","@graph":[{"@type":"Article","@id":"https:\/\/www.gsl.lu\/fr\/reforme-fiscale-2025-au-luxembourg-ce-qui-change-pour-vous\/#article","isPartOf":{"@id":"https:\/\/www.gsl.lu\/fr\/reforme-fiscale-2025-au-luxembourg-ce-qui-change-pour-vous\/"},"author":{"name":"Cynthia Cocard","@id":"https:\/\/www.gsl.lu\/fr\/#\/schema\/person\/72ffffdc1fd88da61b4c2570135fe25f"},"headline":"R\u00e9forme fiscale 2025 au Luxembourg : Ce qui change pour vous","datePublished":"2025-05-05T10:50:17+00:00","dateModified":"2025-06-10T20:21:51+00:00","mainEntityOfPage":{"@id":"https:\/\/www.gsl.lu\/fr\/reforme-fiscale-2025-au-luxembourg-ce-qui-change-pour-vous\/"},"wordCount":1577,"publisher":{"@id":"https:\/\/www.gsl.lu\/fr\/#organization"},"articleSection":["Actualit\u00e9s","Fiduciaire"],"inLanguage":"fr-FR"},{"@type":"WebPage","@id":"https:\/\/www.gsl.lu\/fr\/reforme-fiscale-2025-au-luxembourg-ce-qui-change-pour-vous\/","url":"https:\/\/www.gsl.lu\/fr\/reforme-fiscale-2025-au-luxembourg-ce-qui-change-pour-vous\/","name":"R\u00e9forme fiscale 2025 au Luxembourg : Ce qui change pour vous - GSL","isPartOf":{"@id":"https:\/\/www.gsl.lu\/fr\/#website"},"datePublished":"2025-05-05T10:50:17+00:00","dateModified":"2025-06-10T20:21:51+00:00","description":"R\u00e9forme fiscale 2025 au Luxembourg: tout ce que vous devez savoir. Besoin d'aide? N'h\u00e9sitez pas \u00e0 nous contacter: info@gsl.lu","breadcrumb":{"@id":"https:\/\/www.gsl.lu\/fr\/reforme-fiscale-2025-au-luxembourg-ce-qui-change-pour-vous\/#breadcrumb"},"inLanguage":"fr-FR","potentialAction":[{"@type":"ReadAction","target":["https:\/\/www.gsl.lu\/fr\/reforme-fiscale-2025-au-luxembourg-ce-qui-change-pour-vous\/"]}]},{"@type":"BreadcrumbList","@id":"https:\/\/www.gsl.lu\/fr\/reforme-fiscale-2025-au-luxembourg-ce-qui-change-pour-vous\/#breadcrumb","itemListElement":[{"@type":"ListItem","position":1,"name":"Home","item":"https:\/\/www.gsl.lu\/fr\/"},{"@type":"ListItem","position":2,"name":"R\u00e9forme fiscale 2025 au Luxembourg : Ce qui change pour vous"}]},{"@type":"WebSite","@id":"https:\/\/www.gsl.lu\/fr\/#website","url":"https:\/\/www.gsl.lu\/fr\/","name":"GSL","description":"Fiduciaire | R\u00e9vision | Management","publisher":{"@id":"https:\/\/www.gsl.lu\/fr\/#organization"},"potentialAction":[{"@type":"SearchAction","target":{"@type":"EntryPoint","urlTemplate":"https:\/\/www.gsl.lu\/fr\/?s={search_term_string}"},"query-input":"required name=search_term_string"}],"inLanguage":"fr-FR"},{"@type":"Organization","@id":"https:\/\/www.gsl.lu\/fr\/#organization","name":"GSL - Votre partenaire pour une gestion d\u2019entreprise r\u00e9ussie","url":"https:\/\/www.gsl.lu\/fr\/","logo":{"@type":"ImageObject","inLanguage":"fr-FR","@id":"https:\/\/www.gsl.lu\/fr\/#\/schema\/logo\/image\/","url":"https:\/\/www.gsl.lu\/wp-content\/uploads\/2024\/02\/GSL-Group-Logo-2.jpg","contentUrl":"https:\/\/www.gsl.lu\/wp-content\/uploads\/2024\/02\/GSL-Group-Logo-2.jpg","width":9449,"height":9449,"caption":"GSL - Votre partenaire pour une gestion d\u2019entreprise r\u00e9ussie"},"image":{"@id":"https:\/\/www.gsl.lu\/fr\/#\/schema\/logo\/image\/"},"sameAs":["https:\/\/www.facebook.com\/GSLFiduciaire","https:\/\/www.linkedin.com\/company\/gsl-fiduciaire","https:\/\/www.instagram.com\/gsl.lu\/"]},{"@type":"Person","@id":"https:\/\/www.gsl.lu\/fr\/#\/schema\/person\/72ffffdc1fd88da61b4c2570135fe25f","name":"Cynthia Cocard","image":{"@type":"ImageObject","inLanguage":"fr-FR","@id":"https:\/\/www.gsl.lu\/fr\/#\/schema\/person\/image\/","url":"https:\/\/secure.gravatar.com\/avatar\/16a0eb9a3cf1f1383aaef90672f3836b?s=96&d=mm&r=g","contentUrl":"https:\/\/secure.gravatar.com\/avatar\/16a0eb9a3cf1f1383aaef90672f3836b?s=96&d=mm&r=g","caption":"Cynthia Cocard"},"url":"https:\/\/www.gsl.lu\/fr\/author\/kontaktcynthiacocard-com\/"}]}},"jetpack_sharing_enabled":true,"jetpack_featured_media_url":"https:\/\/www.gsl.lu\/wp-content\/uploads\/2025\/05\/IMG_1845-scaled.jpg","_links":{"self":[{"href":"https:\/\/www.gsl.lu\/fr\/wp-json\/wp\/v2\/posts\/1206"}],"collection":[{"href":"https:\/\/www.gsl.lu\/fr\/wp-json\/wp\/v2\/posts"}],"about":[{"href":"https:\/\/www.gsl.lu\/fr\/wp-json\/wp\/v2\/types\/post"}],"author":[{"embeddable":true,"href":"https:\/\/www.gsl.lu\/fr\/wp-json\/wp\/v2\/users\/2"}],"replies":[{"embeddable":true,"href":"https:\/\/www.gsl.lu\/fr\/wp-json\/wp\/v2\/comments?post=1206"}],"version-history":[{"count":2,"href":"https:\/\/www.gsl.lu\/fr\/wp-json\/wp\/v2\/posts\/1206\/revisions"}],"predecessor-version":[{"id":1213,"href":"https:\/\/www.gsl.lu\/fr\/wp-json\/wp\/v2\/posts\/1206\/revisions\/1213"}],"wp:featuredmedia":[{"embeddable":true,"href":"https:\/\/www.gsl.lu\/fr\/wp-json\/wp\/v2\/media\/1207"}],"wp:attachment":[{"href":"https:\/\/www.gsl.lu\/fr\/wp-json\/wp\/v2\/media?parent=1206"}],"wp:term":[{"taxonomy":"category","embeddable":true,"href":"https:\/\/www.gsl.lu\/fr\/wp-json\/wp\/v2\/categories?post=1206"},{"taxonomy":"post_tag","embeddable":true,"href":"https:\/\/www.gsl.lu\/fr\/wp-json\/wp\/v2\/tags?post=1206"}],"curies":[{"name":"wp","href":"https:\/\/api.w.org\/{rel}","templated":true}]}}