{"id":796,"date":"2024-04-18T13:16:34","date_gmt":"2024-04-18T13:16:34","guid":{"rendered":"https:\/\/www.gsl.lu\/?p=796"},"modified":"2024-04-18T18:23:23","modified_gmt":"2024-04-18T18:23:23","slug":"rtl-steierdag-journee-fiscale","status":"publish","type":"post","link":"https:\/\/www.gsl.lu\/fr\/rtl-steierdag-journee-fiscale\/","title":{"rendered":"RTL Steierdag &#8211; Journ\u00e9e Fiscale"},"content":{"rendered":"<div class=\"fusion-fullwidth fullwidth-box fusion-builder-row-1 fusion-flex-container nonhundred-percent-fullwidth non-hundred-percent-height-scrolling\" style=\"--awb-border-radius-top-left:0px;--awb-border-radius-top-right:0px;--awb-border-radius-bottom-right:0px;--awb-border-radius-bottom-left:0px;--awb-flex-wrap:wrap;\" ><div class=\"fusion-builder-row fusion-row fusion-flex-align-items-flex-start fusion-flex-content-wrap\" style=\"max-width:1248px;margin-left: calc(-4% \/ 2 );margin-right: calc(-4% \/ 2 );\"><div class=\"fusion-layout-column fusion_builder_column fusion-builder-column-0 fusion_builder_column_1_1 1_1 fusion-flex-column\" style=\"--awb-bg-size:cover;--awb-width-large:100%;--awb-margin-top-large:0px;--awb-spacing-right-large:1.92%;--awb-margin-bottom-large:0px;--awb-spacing-left-large:1.92%;--awb-width-medium:100%;--awb-spacing-right-medium:1.92%;--awb-spacing-left-medium:1.92%;--awb-width-small:100%;--awb-spacing-right-small:1.92%;--awb-spacing-left-small:1.92%;\"><div class=\"fusion-column-wrapper fusion-flex-justify-content-flex-start fusion-content-layout-column\"><div class=\"fusion-text fusion-text-1\"><p>La Journ\u00e9e Fiscale, orchestr\u00e9e par <a href=\"https:\/\/www.rtl.lu\/search?q=steierdag\">RTL<\/a> en partenariat avec Ernster \u00e0 la Belle-\u00c9toile, s&rsquo;est r\u00e9v\u00e9l\u00e9e \u00eatre un rendez-vous incontournable pour bon nombre de contribuables luxembourgeois en qu\u00eate de clart\u00e9 dans l&rsquo;univers souvent complexe des d\u00e9clarations fiscales. Cette initiative a rassembl\u00e9 plusieurs experts de diverses fiduciaires \u00e0 travers le Luxembourg et a permis aux participants d&rsquo;obtenir des r\u00e9ponses claires et pr\u00e9cises \u00e0 leurs questions. Nous sommes particuli\u00e8rement contents d&rsquo;avoir pu partager notre savoir-faire afin d&rsquo;\u00e9clairer les citoyens sur leurs interrogations fiscales. L&rsquo;\u00e9v\u00e9nement a soulign\u00e9 \u00e0 quel point l&rsquo;acc\u00e8s \u00e0 des informations fiscales pertinentes est crucial et comment il peut simplifier la vie des contribuables.<\/p>\n<p>Vous n&rsquo;\u00e9tiez pas l\u00e0 ? Ou avez-vous manqu\u00e9 l&rsquo;\u00e9mission de radio ? Pas de souci, nous avons not\u00e9 pour vous toutes les questions des appelants !<\/p>\n<h3><img decoding=\"async\" class=\"wp-image-836 alignleft\" src=\"https:\/\/www.gsl.lu\/wp-content\/uploads\/2024\/04\/14-300x251.jpg\" alt=\"RTL Steierdag\" width=\"296\" height=\"248\" srcset=\"https:\/\/www.gsl.lu\/wp-content\/uploads\/2024\/04\/14-200x168.jpg 200w, https:\/\/www.gsl.lu\/wp-content\/uploads\/2024\/04\/14-300x251.jpg 300w, https:\/\/www.gsl.lu\/wp-content\/uploads\/2024\/04\/14-400x335.jpg 400w, https:\/\/www.gsl.lu\/wp-content\/uploads\/2024\/04\/14-600x503.jpg 600w, https:\/\/www.gsl.lu\/wp-content\/uploads\/2024\/04\/14-768x644.jpg 768w, https:\/\/www.gsl.lu\/wp-content\/uploads\/2024\/04\/14-800x671.jpg 800w, https:\/\/www.gsl.lu\/wp-content\/uploads\/2024\/04\/14.jpg 940w\" sizes=\"(max-width: 296px) 100vw, 296px\" \/>Qui doit faire une d\u00e9claration fiscale ?<\/h3>\n<p><strong>Question :<\/strong> (&#8230;). <em>Je n&rsquo;ai pas fait de d\u00e9claration fiscale depuis 3 ans, car je n&rsquo;ai absolument rien \u00e0 d\u00e9clarer. On m&rsquo;a dit une fois qu&rsquo;on n&rsquo;avait pas besoin d&rsquo;en faire une si on n&rsquo;avait rien \u00e0 d\u00e9clarer. Et je voulais demander si cela \u00e9tait vrai ?<\/em><\/p>\n<p><strong>Nicole Fletscher (Grant Thornton) :<\/strong> <em>Ce n&rsquo;est pas tout \u00e0 fait correct, cela d\u00e9pend des revenus. Si vous \u00eates seul, avec un revenu et une carte d&rsquo;imp\u00f4t, vous n&rsquo;avez besoin de faire une d\u00e9claration fiscale que si votre revenu imposable d\u00e9passe 100 000 euros. Dans un m\u00e9nage o\u00f9 il y a deux cartes d&rsquo;imp\u00f4t sur le salaire, que ce soit avec un salaire ou des pensions, vous devez d\u00e9j\u00e0 faire une d\u00e9claration d&rsquo;imp\u00f4t sur le revenu \u00e0 partir de 36 000 euros. Si vous \u00eates non-r\u00e9sident avec un taux d&rsquo;imposition global, vous \u00eates toujours oblig\u00e9 de faire une d\u00e9claration fiscale. Si vous avez des revenus sup\u00e9rieurs \u00e0 600 euros qui ne sont pas soumis \u00e0 la retenue \u00e0 la source, vous devez toujours faire une d\u00e9claration fiscale. Et si vous avez des revenus en capital de 1 500 euros ou plus, vous devez \u00e9galement faire une d\u00e9claration fiscale. Donc, cela d\u00e9pend vraiment des revenus que vous g\u00e9n\u00e9rez.<\/em><\/p>\n<h3>Peut-on d\u00e9duire le loyer et l&rsquo;achat d&rsquo;une voiture ?<\/h3>\n<p><strong>Question :<\/strong> <em>Alors, je voulais juste savoir comment cela fonctionne en d\u00e9tail, si on veut d\u00e9duire son loyer, le loyer lui-m\u00eame et aussi les charges que le locataire paie ?<\/em><\/p>\n<p><strong>Guy Schroeder (GSL) :<\/strong> <em>Le loyer et les charges en tant que locataire ne peuvent pas \u00eatre d\u00e9duits. Bien s\u00fbr, il y a d&rsquo;autres r\u00e8gles si on est propri\u00e9taire; l\u00e0, le revenu du loyer est impos\u00e9, et il y a aussi divers co\u00fbts qui peuvent \u00eatre d\u00e9duits. Mais en tant que locataire, on ne peut pas d\u00e9duire les co\u00fbts des charges et du loyer.<\/em><\/p>\n<p><strong>Question\u00a0 :<\/strong><em> Je voulais demander si on peut d\u00e9duire une voiture si on l&rsquo;ach\u00e8te neuve ?<\/em><\/p>\n<p><strong>RTL :<\/strong><em> Sven Hoffmann de la Fiduciaire HP Group, comment \u00e7a se passe ?<\/em><\/p>\n<p><strong>Sven Hoffman (HPG) :<\/strong> <em>Malheureusement, cela ne peut pas \u00eatre d\u00e9duit. La seule chose qui pourrait \u00eatre d\u00e9duite est si la voiture est financ\u00e9e par une banque ou un leasing ; alors, on peut d\u00e9duire les int\u00e9r\u00eats et bien s\u00fbr l&rsquo;assurance responsabilit\u00e9 civile de la voiture. Le plafond pour les int\u00e9r\u00eats et les assurances est de 672 euros par personne dans le m\u00e9nage.<\/em><\/p>\n<h3><img decoding=\"async\" class=\"size-medium wp-image-838 alignleft\" src=\"https:\/\/www.gsl.lu\/wp-content\/uploads\/2024\/04\/15-300x251.jpg\" alt=\"RTL Steierdag\" width=\"300\" height=\"251\" srcset=\"https:\/\/www.gsl.lu\/wp-content\/uploads\/2024\/04\/15-200x168.jpg 200w, https:\/\/www.gsl.lu\/wp-content\/uploads\/2024\/04\/15-300x251.jpg 300w, https:\/\/www.gsl.lu\/wp-content\/uploads\/2024\/04\/15-400x335.jpg 400w, https:\/\/www.gsl.lu\/wp-content\/uploads\/2024\/04\/15-600x503.jpg 600w, https:\/\/www.gsl.lu\/wp-content\/uploads\/2024\/04\/15-768x644.jpg 768w, https:\/\/www.gsl.lu\/wp-content\/uploads\/2024\/04\/15-800x671.jpg 800w, https:\/\/www.gsl.lu\/wp-content\/uploads\/2024\/04\/15.jpg 940w\" sizes=\"(max-width: 300px) 100vw, 300px\" \/>Faut-il se faire taxer en tant que couple ou individuellement ?<\/h3>\n<p><strong>Question :<\/strong> <em>Je voulais savoir s&rsquo;il est plus avantageux de faire sa d\u00e9claration fiscale s\u00e9par\u00e9ment ou ensemble ? Nous sommes toujours tax\u00e9s ensemble, mais j&rsquo;ai entendu dire que cela pourrait \u00eatre moins cher pour chacun si l&rsquo;on est tax\u00e9 s\u00e9par\u00e9ment.<\/em><\/p>\n<p><strong>Nicole Fletscher (Grant Thornton) :<\/strong> <em>Cela d\u00e9pend de la situation. En g\u00e9n\u00e9ral, pour les r\u00e9sidents mari\u00e9s, l&rsquo;imposition conjointe est normalement l&rsquo;option la plus avantageuse. Bien s\u00fbr, cela d\u00e9pend toujours des revenus de chacun et des d\u00e9penses d\u00e9ductibles.<\/em><\/p>\n<p><strong>RTL :<\/strong> Par exemple ?<\/p>\n<p>Nicole Fletscher (Grant Thornton) :<em>Cela d\u00e9pend des charges extraordinaires. Si vous avez des charges extraordinaires plus \u00e9lev\u00e9es et des revenus plus faibles, vous pourriez potentiellement d\u00e9duire plus en faisant une d\u00e9claration individuelle. Mais vous seriez alors aussi dans la classe d&rsquo;imp\u00f4t 1 et plus dans la classe d&rsquo;imp\u00f4t 2. C&rsquo;est donc vraiment toujours un exercice de calcul.\u00a0<\/em><\/p>\n<p>Nous esp\u00e9rons que vous avez d\u00e9j\u00e0 trouv\u00e9 des r\u00e9ponses utiles \u00e0 ce que nous avons partag\u00e9 jusqu&rsquo;\u00e0 pr\u00e9sent.<\/p>\n<p>Avez-vous une question sp\u00e9cifique concernant votre d\u00e9claration fiscale ? N&rsquo;h\u00e9sitez pas \u00e0 nous contacter. Nous sommes l\u00e0 pour vous aider.<\/p>\n<\/div>\n<div class=\"wpcf7 no-js\" id=\"wpcf7-f652-o1\" lang=\"en-US\" dir=\"ltr\">\n<div class=\"screen-reader-response\"><p role=\"status\" aria-live=\"polite\" aria-atomic=\"true\"><\/p> <ul><\/ul><\/div>\n<form action=\"\/fr\/wp-json\/wp\/v2\/posts\/796#wpcf7-f652-o1\" method=\"post\" class=\"wpcf7-form init\" aria-label=\"Contact form\" novalidate=\"novalidate\" data-status=\"init\">\n<div style=\"display: none;\">\n<input type=\"hidden\" name=\"_wpcf7\" value=\"652\" \/>\n<input type=\"hidden\" name=\"_wpcf7_version\" value=\"5.8.6\" \/>\n<input type=\"hidden\" name=\"_wpcf7_locale\" value=\"en_US\" \/>\n<input type=\"hidden\" name=\"_wpcf7_unit_tag\" value=\"wpcf7-f652-o1\" \/>\n<input type=\"hidden\" name=\"_wpcf7_container_post\" value=\"0\" \/>\n<input type=\"hidden\" name=\"_wpcf7_posted_data_hash\" value=\"\" \/>\n<input type=\"hidden\" name=\"_wpcf7_recaptcha_response\" value=\"\" \/>\n<\/div>\n<p><label> Votre nom<br \/>\n<span class=\"wpcf7-form-control-wrap\" data-name=\"your-name\"><input size=\"40\" class=\"wpcf7-form-control wpcf7-text wpcf7-validates-as-required\" autocomplete=\"name\" aria-required=\"true\" aria-invalid=\"false\" value=\"\" type=\"text\" name=\"your-name\" \/><\/span> <\/label>\n<\/p>\n<p><label> Votre email<br \/>\n<span class=\"wpcf7-form-control-wrap\" data-name=\"your-email\"><input size=\"40\" class=\"wpcf7-form-control wpcf7-email wpcf7-validates-as-required wpcf7-text wpcf7-validates-as-email\" autocomplete=\"email\" aria-required=\"true\" aria-invalid=\"false\" value=\"\" type=\"email\" name=\"your-email\" \/><\/span> <\/label>\n<\/p>\n<p><label> Sujet<br \/>\n<span class=\"wpcf7-form-control-wrap\" data-name=\"your-subject\"><input size=\"40\" class=\"wpcf7-form-control wpcf7-text wpcf7-validates-as-required\" aria-required=\"true\" aria-invalid=\"false\" value=\"\" type=\"text\" name=\"your-subject\" \/><\/span> <\/label>\n<\/p>\n<p><label> Votre message<br \/>\n<span class=\"wpcf7-form-control-wrap\" data-name=\"your-message\"><textarea cols=\"40\" rows=\"10\" class=\"wpcf7-form-control wpcf7-textarea wpcf7-validates-as-required\" aria-required=\"true\" aria-invalid=\"false\" name=\"your-message\"><\/textarea><\/span> <\/label>\n<\/p>\n<p><input class=\"wpcf7-form-control wpcf7-submit has-spinner\" type=\"submit\" value=\"Envoyer\" \/>\n<\/p><div class=\"fusion-alert alert custom alert-custom fusion-alert-center wpcf7-response-output awb-alert-native-link-color alert-dismissable awb-alert-close-boxed\" style=\"--awb-border-size:1px;--awb-border-top-left-radius:0px;--awb-border-top-right-radius:0px;--awb-border-bottom-left-radius:0px;--awb-border-bottom-right-radius:0px;\" role=\"alert\"><div class=\"fusion-alert-content-wrapper\"><span class=\"fusion-alert-content\"><\/span><\/div><button type=\"button\" class=\"close toggle-alert\" data-dismiss=\"alert\" aria-label=\"Close\">&times;<\/button><\/div>\n<\/form>\n<\/div>\n<\/div><\/div><\/div><\/div>\n","protected":false},"excerpt":{"rendered":"","protected":false},"author":2,"featured_media":836,"comment_status":"closed","ping_status":"closed","sticky":false,"template":"","format":"standard","meta":{"footnotes":""},"categories":[20,32],"tags":[],"acf":[],"yoast_head":"<!-- This site is optimized with the Yoast SEO plugin v22.0 - https:\/\/yoast.com\/wordpress\/plugins\/seo\/ -->\n<title>RTL Steierdag - Journ\u00e9e Fiscale - GSL<\/title>\n<meta name=\"description\" content=\"La Journ\u00e9e Fiscale, orchestr\u00e9e par RTL en partenariat avec Ernster \u00e0 la Belle-\u00c9toile, s&#039;est r\u00e9v\u00e9l\u00e9e \u00eatre un rendez-vous incontournable.\" \/>\n<meta name=\"robots\" content=\"index, follow, max-snippet:-1, max-image-preview:large, max-video-preview:-1\" \/>\n<link rel=\"canonical\" href=\"https:\/\/www.gsl.lu\/fr\/rtl-steierdag-journee-fiscale\/\" \/>\n<meta property=\"og:locale\" content=\"fr_FR\" \/>\n<meta property=\"og:type\" content=\"article\" \/>\n<meta property=\"og:title\" content=\"RTL Steierdag - Journ\u00e9e Fiscale - GSL\" \/>\n<meta property=\"og:description\" content=\"La Journ\u00e9e Fiscale, orchestr\u00e9e par RTL en partenariat avec Ernster \u00e0 la Belle-\u00c9toile, s&#039;est r\u00e9v\u00e9l\u00e9e \u00eatre un rendez-vous incontournable.\" \/>\n<meta property=\"og:url\" content=\"https:\/\/www.gsl.lu\/fr\/rtl-steierdag-journee-fiscale\/\" \/>\n<meta property=\"og:site_name\" content=\"GSL\" \/>\n<meta property=\"article:publisher\" content=\"https:\/\/www.facebook.com\/GSLFiduciaire\" \/>\n<meta property=\"article:published_time\" content=\"2024-04-18T13:16:34+00:00\" \/>\n<meta property=\"article:modified_time\" content=\"2024-04-18T18:23:23+00:00\" \/>\n<meta property=\"og:image\" content=\"https:\/\/www.gsl.lu\/wp-content\/uploads\/2024\/04\/14.jpg\" \/>\n\t<meta property=\"og:image:width\" content=\"940\" \/>\n\t<meta property=\"og:image:height\" content=\"788\" \/>\n\t<meta property=\"og:image:type\" content=\"image\/jpeg\" \/>\n<meta name=\"author\" content=\"Cynthia Cocard\" \/>\n<meta name=\"twitter:card\" content=\"summary_large_image\" \/>\n<meta name=\"twitter:label1\" content=\"\u00c9crit par\" \/>\n\t<meta name=\"twitter:data1\" content=\"Cynthia Cocard\" \/>\n\t<meta name=\"twitter:label2\" content=\"Dur\u00e9e de lecture estim\u00e9e\" \/>\n\t<meta name=\"twitter:data2\" content=\"5 minutes\" \/>\n<script type=\"application\/ld+json\" class=\"yoast-schema-graph\">{\"@context\":\"https:\/\/schema.org\",\"@graph\":[{\"@type\":\"Article\",\"@id\":\"https:\/\/www.gsl.lu\/fr\/rtl-steierdag-journee-fiscale\/#article\",\"isPartOf\":{\"@id\":\"https:\/\/www.gsl.lu\/fr\/rtl-steierdag-journee-fiscale\/\"},\"author\":{\"name\":\"Cynthia Cocard\",\"@id\":\"https:\/\/www.gsl.lu\/fr\/#\/schema\/person\/72ffffdc1fd88da61b4c2570135fe25f\"},\"headline\":\"RTL Steierdag &#8211; Journ\u00e9e Fiscale\",\"datePublished\":\"2024-04-18T13:16:34+00:00\",\"dateModified\":\"2024-04-18T18:23:23+00:00\",\"mainEntityOfPage\":{\"@id\":\"https:\/\/www.gsl.lu\/fr\/rtl-steierdag-journee-fiscale\/\"},\"wordCount\":1021,\"publisher\":{\"@id\":\"https:\/\/www.gsl.lu\/fr\/#organization\"},\"articleSection\":[\"Actualit\u00e9s\",\"Fiduciaire\"],\"inLanguage\":\"fr-FR\"},{\"@type\":\"WebPage\",\"@id\":\"https:\/\/www.gsl.lu\/fr\/rtl-steierdag-journee-fiscale\/\",\"url\":\"https:\/\/www.gsl.lu\/fr\/rtl-steierdag-journee-fiscale\/\",\"name\":\"RTL Steierdag - Journ\u00e9e Fiscale - GSL\",\"isPartOf\":{\"@id\":\"https:\/\/www.gsl.lu\/fr\/#website\"},\"datePublished\":\"2024-04-18T13:16:34+00:00\",\"dateModified\":\"2024-04-18T18:23:23+00:00\",\"description\":\"La Journ\u00e9e Fiscale, orchestr\u00e9e par RTL en partenariat avec Ernster \u00e0 la Belle-\u00c9toile, s'est r\u00e9v\u00e9l\u00e9e \u00eatre un rendez-vous incontournable.\",\"breadcrumb\":{\"@id\":\"https:\/\/www.gsl.lu\/fr\/rtl-steierdag-journee-fiscale\/#breadcrumb\"},\"inLanguage\":\"fr-FR\",\"potentialAction\":[{\"@type\":\"ReadAction\",\"target\":[\"https:\/\/www.gsl.lu\/fr\/rtl-steierdag-journee-fiscale\/\"]}]},{\"@type\":\"BreadcrumbList\",\"@id\":\"https:\/\/www.gsl.lu\/fr\/rtl-steierdag-journee-fiscale\/#breadcrumb\",\"itemListElement\":[{\"@type\":\"ListItem\",\"position\":1,\"name\":\"Home\",\"item\":\"https:\/\/www.gsl.lu\/fr\/\"},{\"@type\":\"ListItem\",\"position\":2,\"name\":\"RTL Steierdag &#8211; Journ\u00e9e Fiscale\"}]},{\"@type\":\"WebSite\",\"@id\":\"https:\/\/www.gsl.lu\/fr\/#website\",\"url\":\"https:\/\/www.gsl.lu\/fr\/\",\"name\":\"GSL\",\"description\":\"Fiduciaire | R\u00e9vision | Management\",\"publisher\":{\"@id\":\"https:\/\/www.gsl.lu\/fr\/#organization\"},\"potentialAction\":[{\"@type\":\"SearchAction\",\"target\":{\"@type\":\"EntryPoint\",\"urlTemplate\":\"https:\/\/www.gsl.lu\/fr\/?s={search_term_string}\"},\"query-input\":\"required name=search_term_string\"}],\"inLanguage\":\"fr-FR\"},{\"@type\":\"Organization\",\"@id\":\"https:\/\/www.gsl.lu\/fr\/#organization\",\"name\":\"GSL - Votre partenaire pour une gestion d\u2019entreprise r\u00e9ussie\",\"url\":\"https:\/\/www.gsl.lu\/fr\/\",\"logo\":{\"@type\":\"ImageObject\",\"inLanguage\":\"fr-FR\",\"@id\":\"https:\/\/www.gsl.lu\/fr\/#\/schema\/logo\/image\/\",\"url\":\"https:\/\/www.gsl.lu\/wp-content\/uploads\/2024\/02\/GSL-Group-Logo-2.jpg\",\"contentUrl\":\"https:\/\/www.gsl.lu\/wp-content\/uploads\/2024\/02\/GSL-Group-Logo-2.jpg\",\"width\":9449,\"height\":9449,\"caption\":\"GSL - Votre partenaire pour une gestion d\u2019entreprise r\u00e9ussie\"},\"image\":{\"@id\":\"https:\/\/www.gsl.lu\/fr\/#\/schema\/logo\/image\/\"},\"sameAs\":[\"https:\/\/www.facebook.com\/GSLFiduciaire\",\"https:\/\/www.linkedin.com\/company\/gsl-fiduciaire\",\"https:\/\/www.instagram.com\/gsl.lu\/\"]},{\"@type\":\"Person\",\"@id\":\"https:\/\/www.gsl.lu\/fr\/#\/schema\/person\/72ffffdc1fd88da61b4c2570135fe25f\",\"name\":\"Cynthia Cocard\",\"image\":{\"@type\":\"ImageObject\",\"inLanguage\":\"fr-FR\",\"@id\":\"https:\/\/www.gsl.lu\/fr\/#\/schema\/person\/image\/\",\"url\":\"https:\/\/secure.gravatar.com\/avatar\/16a0eb9a3cf1f1383aaef90672f3836b?s=96&d=mm&r=g\",\"contentUrl\":\"https:\/\/secure.gravatar.com\/avatar\/16a0eb9a3cf1f1383aaef90672f3836b?s=96&d=mm&r=g\",\"caption\":\"Cynthia Cocard\"},\"url\":\"https:\/\/www.gsl.lu\/fr\/author\/kontaktcynthiacocard-com\/\"}]}<\/script>\n<!-- \/ Yoast SEO plugin. -->","yoast_head_json":{"title":"RTL Steierdag - Journ\u00e9e Fiscale - GSL","description":"La Journ\u00e9e Fiscale, orchestr\u00e9e par RTL en partenariat avec Ernster \u00e0 la Belle-\u00c9toile, s'est r\u00e9v\u00e9l\u00e9e \u00eatre un rendez-vous incontournable.","robots":{"index":"index","follow":"follow","max-snippet":"max-snippet:-1","max-image-preview":"max-image-preview:large","max-video-preview":"max-video-preview:-1"},"canonical":"https:\/\/www.gsl.lu\/fr\/rtl-steierdag-journee-fiscale\/","og_locale":"fr_FR","og_type":"article","og_title":"RTL Steierdag - Journ\u00e9e Fiscale - GSL","og_description":"La Journ\u00e9e Fiscale, orchestr\u00e9e par RTL en partenariat avec Ernster \u00e0 la Belle-\u00c9toile, s'est r\u00e9v\u00e9l\u00e9e \u00eatre un rendez-vous incontournable.","og_url":"https:\/\/www.gsl.lu\/fr\/rtl-steierdag-journee-fiscale\/","og_site_name":"GSL","article_publisher":"https:\/\/www.facebook.com\/GSLFiduciaire","article_published_time":"2024-04-18T13:16:34+00:00","article_modified_time":"2024-04-18T18:23:23+00:00","og_image":[{"width":940,"height":788,"url":"https:\/\/www.gsl.lu\/wp-content\/uploads\/2024\/04\/14.jpg","type":"image\/jpeg"}],"author":"Cynthia Cocard","twitter_card":"summary_large_image","twitter_misc":{"\u00c9crit par":"Cynthia Cocard","Dur\u00e9e de lecture estim\u00e9e":"5 minutes"},"schema":{"@context":"https:\/\/schema.org","@graph":[{"@type":"Article","@id":"https:\/\/www.gsl.lu\/fr\/rtl-steierdag-journee-fiscale\/#article","isPartOf":{"@id":"https:\/\/www.gsl.lu\/fr\/rtl-steierdag-journee-fiscale\/"},"author":{"name":"Cynthia Cocard","@id":"https:\/\/www.gsl.lu\/fr\/#\/schema\/person\/72ffffdc1fd88da61b4c2570135fe25f"},"headline":"RTL Steierdag &#8211; Journ\u00e9e Fiscale","datePublished":"2024-04-18T13:16:34+00:00","dateModified":"2024-04-18T18:23:23+00:00","mainEntityOfPage":{"@id":"https:\/\/www.gsl.lu\/fr\/rtl-steierdag-journee-fiscale\/"},"wordCount":1021,"publisher":{"@id":"https:\/\/www.gsl.lu\/fr\/#organization"},"articleSection":["Actualit\u00e9s","Fiduciaire"],"inLanguage":"fr-FR"},{"@type":"WebPage","@id":"https:\/\/www.gsl.lu\/fr\/rtl-steierdag-journee-fiscale\/","url":"https:\/\/www.gsl.lu\/fr\/rtl-steierdag-journee-fiscale\/","name":"RTL Steierdag - Journ\u00e9e Fiscale - GSL","isPartOf":{"@id":"https:\/\/www.gsl.lu\/fr\/#website"},"datePublished":"2024-04-18T13:16:34+00:00","dateModified":"2024-04-18T18:23:23+00:00","description":"La Journ\u00e9e Fiscale, orchestr\u00e9e par RTL en partenariat avec Ernster \u00e0 la Belle-\u00c9toile, s'est r\u00e9v\u00e9l\u00e9e \u00eatre un rendez-vous incontournable.","breadcrumb":{"@id":"https:\/\/www.gsl.lu\/fr\/rtl-steierdag-journee-fiscale\/#breadcrumb"},"inLanguage":"fr-FR","potentialAction":[{"@type":"ReadAction","target":["https:\/\/www.gsl.lu\/fr\/rtl-steierdag-journee-fiscale\/"]}]},{"@type":"BreadcrumbList","@id":"https:\/\/www.gsl.lu\/fr\/rtl-steierdag-journee-fiscale\/#breadcrumb","itemListElement":[{"@type":"ListItem","position":1,"name":"Home","item":"https:\/\/www.gsl.lu\/fr\/"},{"@type":"ListItem","position":2,"name":"RTL Steierdag &#8211; Journ\u00e9e Fiscale"}]},{"@type":"WebSite","@id":"https:\/\/www.gsl.lu\/fr\/#website","url":"https:\/\/www.gsl.lu\/fr\/","name":"GSL","description":"Fiduciaire | R\u00e9vision | Management","publisher":{"@id":"https:\/\/www.gsl.lu\/fr\/#organization"},"potentialAction":[{"@type":"SearchAction","target":{"@type":"EntryPoint","urlTemplate":"https:\/\/www.gsl.lu\/fr\/?s={search_term_string}"},"query-input":"required name=search_term_string"}],"inLanguage":"fr-FR"},{"@type":"Organization","@id":"https:\/\/www.gsl.lu\/fr\/#organization","name":"GSL - Votre partenaire pour une gestion d\u2019entreprise r\u00e9ussie","url":"https:\/\/www.gsl.lu\/fr\/","logo":{"@type":"ImageObject","inLanguage":"fr-FR","@id":"https:\/\/www.gsl.lu\/fr\/#\/schema\/logo\/image\/","url":"https:\/\/www.gsl.lu\/wp-content\/uploads\/2024\/02\/GSL-Group-Logo-2.jpg","contentUrl":"https:\/\/www.gsl.lu\/wp-content\/uploads\/2024\/02\/GSL-Group-Logo-2.jpg","width":9449,"height":9449,"caption":"GSL - Votre partenaire pour une gestion d\u2019entreprise r\u00e9ussie"},"image":{"@id":"https:\/\/www.gsl.lu\/fr\/#\/schema\/logo\/image\/"},"sameAs":["https:\/\/www.facebook.com\/GSLFiduciaire","https:\/\/www.linkedin.com\/company\/gsl-fiduciaire","https:\/\/www.instagram.com\/gsl.lu\/"]},{"@type":"Person","@id":"https:\/\/www.gsl.lu\/fr\/#\/schema\/person\/72ffffdc1fd88da61b4c2570135fe25f","name":"Cynthia Cocard","image":{"@type":"ImageObject","inLanguage":"fr-FR","@id":"https:\/\/www.gsl.lu\/fr\/#\/schema\/person\/image\/","url":"https:\/\/secure.gravatar.com\/avatar\/16a0eb9a3cf1f1383aaef90672f3836b?s=96&d=mm&r=g","contentUrl":"https:\/\/secure.gravatar.com\/avatar\/16a0eb9a3cf1f1383aaef90672f3836b?s=96&d=mm&r=g","caption":"Cynthia Cocard"},"url":"https:\/\/www.gsl.lu\/fr\/author\/kontaktcynthiacocard-com\/"}]}},"jetpack_sharing_enabled":true,"jetpack_featured_media_url":"https:\/\/www.gsl.lu\/wp-content\/uploads\/2024\/04\/14.jpg","_links":{"self":[{"href":"https:\/\/www.gsl.lu\/fr\/wp-json\/wp\/v2\/posts\/796"}],"collection":[{"href":"https:\/\/www.gsl.lu\/fr\/wp-json\/wp\/v2\/posts"}],"about":[{"href":"https:\/\/www.gsl.lu\/fr\/wp-json\/wp\/v2\/types\/post"}],"author":[{"embeddable":true,"href":"https:\/\/www.gsl.lu\/fr\/wp-json\/wp\/v2\/users\/2"}],"replies":[{"embeddable":true,"href":"https:\/\/www.gsl.lu\/fr\/wp-json\/wp\/v2\/comments?post=796"}],"version-history":[{"count":14,"href":"https:\/\/www.gsl.lu\/fr\/wp-json\/wp\/v2\/posts\/796\/revisions"}],"predecessor-version":[{"id":874,"href":"https:\/\/www.gsl.lu\/fr\/wp-json\/wp\/v2\/posts\/796\/revisions\/874"}],"wp:featuredmedia":[{"embeddable":true,"href":"https:\/\/www.gsl.lu\/fr\/wp-json\/wp\/v2\/media\/836"}],"wp:attachment":[{"href":"https:\/\/www.gsl.lu\/fr\/wp-json\/wp\/v2\/media?parent=796"}],"wp:term":[{"taxonomy":"category","embeddable":true,"href":"https:\/\/www.gsl.lu\/fr\/wp-json\/wp\/v2\/categories?post=796"},{"taxonomy":"post_tag","embeddable":true,"href":"https:\/\/www.gsl.lu\/fr\/wp-json\/wp\/v2\/tags?post=796"}],"curies":[{"name":"wp","href":"https:\/\/api.w.org\/{rel}","templated":true}]}}