{"id":902,"date":"2024-06-24T14:49:50","date_gmt":"2024-06-24T14:49:50","guid":{"rendered":"https:\/\/www.gsl.lu\/?p=902"},"modified":"2024-06-24T14:50:10","modified_gmt":"2024-06-24T14:50:10","slug":"rtl-steierdag-journee-fiscale-3","status":"publish","type":"post","link":"https:\/\/www.gsl.lu\/fr\/rtl-steierdag-journee-fiscale-3\/","title":{"rendered":"RTL Steierdag &#8211; Journ\u00e9e Fiscale (3)"},"content":{"rendered":"<div class=\"fusion-fullwidth fullwidth-box fusion-builder-row-1 fusion-flex-container nonhundred-percent-fullwidth non-hundred-percent-height-scrolling\" style=\"--awb-border-radius-top-left:0px;--awb-border-radius-top-right:0px;--awb-border-radius-bottom-right:0px;--awb-border-radius-bottom-left:0px;--awb-flex-wrap:wrap;\" ><div class=\"fusion-builder-row fusion-row fusion-flex-align-items-flex-start fusion-flex-content-wrap\" style=\"max-width:1248px;margin-left: calc(-4% \/ 2 );margin-right: calc(-4% \/ 2 );\"><div class=\"fusion-layout-column fusion_builder_column fusion-builder-column-0 fusion_builder_column_1_1 1_1 fusion-flex-column\" style=\"--awb-bg-size:cover;--awb-width-large:100%;--awb-margin-top-large:0px;--awb-spacing-right-large:1.92%;--awb-margin-bottom-large:0px;--awb-spacing-left-large:1.92%;--awb-width-medium:100%;--awb-spacing-right-medium:1.92%;--awb-spacing-left-medium:1.92%;--awb-width-small:100%;--awb-spacing-right-small:1.92%;--awb-spacing-left-small:1.92%;\"><div class=\"fusion-column-wrapper fusion-flex-justify-content-flex-start fusion-content-layout-column\"><div class=\"fusion-text fusion-text-1\"><p><span style=\"font-weight: 400;\">La Journ\u00e9e Fiscale, organis\u00e9e par RTL en partenariat avec Ernster \u00e0 la Belle-\u00c9toile, continue d&rsquo;\u00eatre une source inestimable d&rsquo;informations pour les contribuables luxembourgeois. Cet \u00e9v\u00e9nement annuel offre une occasion unique de poser des questions sp\u00e9cifiques \u00e0 des experts en fiscalit\u00e9 et de recevoir des r\u00e9ponses claires et d\u00e9taill\u00e9es. Aujourd&rsquo;hui, nous explorons des questions relatives \u00e0 la vente d&rsquo;objets sur eBay, les d\u00e9ductions fiscales apr\u00e8s un divorce, et les frais li\u00e9s \u00e0 une cure m\u00e9dicale.<\/span><\/p>\n<p>Vous n&rsquo;\u00e9tiez pas l\u00e0 ? Ou avez-vous manqu\u00e9 l&rsquo;\u00e9mission de radio ? Pas de souci, nous avons not\u00e9 pour vous toutes les questions des appelants !<\/p>\n<h3><b>Ventes sur eBay &#8211; d\u00e9clarer ou non?\u00a0<\/b><\/h3>\n<p><strong>Jean-Marie\u00a0<\/strong>voulait savoir comment cela se passe quand on vend quelque chose en priv\u00e9 sur des plateformes comme eBay ou autres. <span style=\"font-weight: 400;\">\u00ab Doit-on le d\u00e9clarer ou non ? Apparemment, il y a une nouvelle loi qui oblige eBay et d&rsquo;autres \u00e0 transmettre ces informations aux autorit\u00e9s fiscales<\/span><i><span style=\"font-weight: 400;\">,<\/span><\/i><span style=\"font-weight: 400;\"> \u00bb demande-t-il.<\/span><\/p>\n<p><strong>Nicole Fletscher<\/strong><span style=\"font-weight: 400;\"> (Grant Thornton) r\u00e9pond : \u00ab <\/span><i><span style=\"font-weight: 400;\">Premi\u00e8rement, je ne suis pas encore famili\u00e8re avec la nouvelle loi. Mais en principe, si vous achetez en priv\u00e9, tant que cela reste dans votre patrimoine priv\u00e9, que vous l&rsquo;avez gard\u00e9 pendant plus de 6 mois et que vous ne l&rsquo;avez pas achet\u00e9 pour r\u00e9aliser un profit, cela n&rsquo;est g\u00e9n\u00e9ralement pas imposable. Cependant, si cela est vendu en moins de 6 mois, vous \u00eates oblig\u00e9 de le d\u00e9clarer, car un gain sp\u00e9culatif pourrait avoir \u00e9t\u00e9 r\u00e9alis\u00e9.<\/span><\/i><span style=\"font-weight: 400;\">\u00a0\u00bb<\/span><\/p>\n<h3><b>D\u00e9ductions fiscales pour aliments apr\u00e8s divorce<\/b><\/h3>\n<p><strong>Pierre<\/strong><span style=\"font-weight: 400;\">, divorc\u00e9 depuis 1992, demande s&rsquo;il est possible de d\u00e9duire les allocations pour l&rsquo;ex-partenaire des imp\u00f4ts.\u00a0<\/span><\/p>\n<p><strong>Guy Schroeder<\/strong><span style=\"font-weight: 400;\"> (GSL Fiduciaire) apporte une clarification : \u00ab <em>Oui, on peut normalement les d\u00e9duire des imp\u00f4ts. Il y a en principe deux r\u00e9gimes diff\u00e9rents. Cela d\u00e9pend si le divorce a eu lieu avant le 1er janvier 1998 ou apr\u00e8s. Cela signifie que si on a divorc\u00e9 avant cette date, alors il y a un autre r\u00e9gime, on ne peut pas le d\u00e9duire comme une d\u00e9pense sp\u00e9ciale mais on peut \u00e9ventuellement le d\u00e9duire comme une charge extraordinaire, selon les conditions actuelles applicables aux charges extraordinaires. Si on est divorc\u00e9 apr\u00e8s le 31 d\u00e9cembre 1997, que ce soit par consentement mutuel ou par un jugement, alors on peut d\u00e9duire la pension alimentaire jusqu\u2019\u00e0 un montant total de 24 000\u20ac par an.<\/em><\/span><span style=\"font-weight: 400;\">\u00a0\u00bb<\/span><\/p>\n<p><b>Peut-on d\u00e9duire les frais de cure ?<\/b><\/p>\n<p><strong>Marcel <\/strong>aimerait savoir si les frais de traitement de la cure et de l&rsquo;h\u00f4tel peuvent \u00eatre d\u00e9duits.<\/p>\n<p><span style=\"font-weight: 400;\"><b>Ivonne Reckenwald<\/b> (Grand Thornton) explique : \u00ab Si vous \u00e9tiez seul, oui, vous pouvez les d\u00e9duire. Si l&rsquo;h\u00f4tel n&rsquo;\u00e9tait pas seulement pour vous, alors il faut les r\u00e9partir.<\/span><span style=\"font-weight: 400;\"> \u00bb Les frais doivent \u00eatre d\u00e9clar\u00e9s dans les Charges Extraordinaires et un pourcentage priv\u00e9 sera d\u00e9duit. Cele d\u00e9pend cependant du montant des revenus.\u00a0<\/span><\/p>\n<p><span style=\"font-weight: 400;\">Nous esp\u00e9rons que ces r\u00e9ponses vous ont \u00e9t\u00e9 utiles. Restez connect\u00e9s pour plus d\u2019informations et n\u2019h\u00e9sitez pas \u00e0 nous contacter pour toute question suppl\u00e9mentaire concernant votre situation fiscale. Nous sommes ravis de pouvoir vous aider !<\/span><\/p>\n<\/div>\n<div class=\"wpcf7 no-js\" id=\"wpcf7-f652-o1\" lang=\"en-US\" dir=\"ltr\">\n<div class=\"screen-reader-response\"><p role=\"status\" aria-live=\"polite\" aria-atomic=\"true\"><\/p> <ul><\/ul><\/div>\n<form action=\"\/fr\/wp-json\/wp\/v2\/posts\/902#wpcf7-f652-o1\" method=\"post\" class=\"wpcf7-form init\" aria-label=\"Contact form\" novalidate=\"novalidate\" data-status=\"init\">\n<div style=\"display: none;\">\n<input type=\"hidden\" name=\"_wpcf7\" value=\"652\" \/>\n<input type=\"hidden\" name=\"_wpcf7_version\" value=\"5.8.6\" \/>\n<input type=\"hidden\" name=\"_wpcf7_locale\" value=\"en_US\" \/>\n<input type=\"hidden\" name=\"_wpcf7_unit_tag\" value=\"wpcf7-f652-o1\" \/>\n<input type=\"hidden\" name=\"_wpcf7_container_post\" value=\"0\" \/>\n<input type=\"hidden\" name=\"_wpcf7_posted_data_hash\" value=\"\" \/>\n<input type=\"hidden\" name=\"_wpcf7_recaptcha_response\" value=\"\" \/>\n<\/div>\n<p><label> Votre nom<br \/>\n<span class=\"wpcf7-form-control-wrap\" data-name=\"your-name\"><input size=\"40\" class=\"wpcf7-form-control wpcf7-text wpcf7-validates-as-required\" autocomplete=\"name\" aria-required=\"true\" aria-invalid=\"false\" value=\"\" type=\"text\" name=\"your-name\" \/><\/span> <\/label>\n<\/p>\n<p><label> Votre email<br \/>\n<span class=\"wpcf7-form-control-wrap\" data-name=\"your-email\"><input size=\"40\" class=\"wpcf7-form-control wpcf7-email wpcf7-validates-as-required wpcf7-text wpcf7-validates-as-email\" autocomplete=\"email\" aria-required=\"true\" aria-invalid=\"false\" value=\"\" type=\"email\" name=\"your-email\" \/><\/span> <\/label>\n<\/p>\n<p><label> Sujet<br \/>\n<span class=\"wpcf7-form-control-wrap\" data-name=\"your-subject\"><input size=\"40\" class=\"wpcf7-form-control wpcf7-text wpcf7-validates-as-required\" aria-required=\"true\" aria-invalid=\"false\" value=\"\" type=\"text\" name=\"your-subject\" \/><\/span> <\/label>\n<\/p>\n<p><label> Votre message<br \/>\n<span class=\"wpcf7-form-control-wrap\" data-name=\"your-message\"><textarea cols=\"40\" rows=\"10\" class=\"wpcf7-form-control wpcf7-textarea wpcf7-validates-as-required\" aria-required=\"true\" aria-invalid=\"false\" name=\"your-message\"><\/textarea><\/span> <\/label>\n<\/p>\n<p><input class=\"wpcf7-form-control wpcf7-submit has-spinner\" type=\"submit\" value=\"Envoyer\" \/>\n<\/p><div class=\"fusion-alert alert custom alert-custom fusion-alert-center wpcf7-response-output awb-alert-native-link-color alert-dismissable awb-alert-close-boxed\" style=\"--awb-border-size:1px;--awb-border-top-left-radius:0px;--awb-border-top-right-radius:0px;--awb-border-bottom-left-radius:0px;--awb-border-bottom-right-radius:0px;\" role=\"alert\"><div class=\"fusion-alert-content-wrapper\"><span class=\"fusion-alert-content\"><\/span><\/div><button type=\"button\" class=\"close toggle-alert\" data-dismiss=\"alert\" aria-label=\"Close\">&times;<\/button><\/div>\n<\/form>\n<\/div>\n<\/div><\/div><\/div><\/div>\n","protected":false},"excerpt":{"rendered":"","protected":false},"author":2,"featured_media":888,"comment_status":"closed","ping_status":"closed","sticky":false,"template":"","format":"standard","meta":{"footnotes":""},"categories":[20,32],"tags":[],"acf":[],"yoast_head":"<!-- This site is optimized with the Yoast SEO plugin v22.0 - https:\/\/yoast.com\/wordpress\/plugins\/seo\/ -->\n<title>RTL Steierdag - Journ\u00e9e Fiscale (3) - GSL<\/title>\n<meta name=\"description\" content=\"La Journ\u00e9e Fiscale, orchestr\u00e9e par RTL en partenariat avec Ernster \u00e0 la Belle-\u00c9toile, s&#039;est r\u00e9v\u00e9l\u00e9e \u00eatre un rendez-vous incontournable.\" \/>\n<meta name=\"robots\" content=\"index, follow, max-snippet:-1, max-image-preview:large, max-video-preview:-1\" \/>\n<link rel=\"canonical\" href=\"https:\/\/www.gsl.lu\/fr\/rtl-steierdag-journee-fiscale-3\/\" \/>\n<meta property=\"og:locale\" content=\"fr_FR\" \/>\n<meta property=\"og:type\" content=\"article\" \/>\n<meta property=\"og:title\" content=\"RTL Steierdag - Journ\u00e9e Fiscale (3) - GSL\" \/>\n<meta property=\"og:description\" content=\"La Journ\u00e9e Fiscale, orchestr\u00e9e par RTL en partenariat avec Ernster \u00e0 la Belle-\u00c9toile, s&#039;est r\u00e9v\u00e9l\u00e9e \u00eatre un rendez-vous incontournable.\" \/>\n<meta property=\"og:url\" content=\"https:\/\/www.gsl.lu\/fr\/rtl-steierdag-journee-fiscale-3\/\" \/>\n<meta property=\"og:site_name\" content=\"GSL\" \/>\n<meta property=\"article:publisher\" content=\"https:\/\/www.facebook.com\/GSLFiduciaire\" \/>\n<meta property=\"article:published_time\" content=\"2024-06-24T14:49:50+00:00\" \/>\n<meta property=\"article:modified_time\" content=\"2024-06-24T14:50:10+00:00\" \/>\n<meta property=\"og:image\" content=\"https:\/\/www.gsl.lu\/wp-content\/uploads\/2024\/05\/www.gsl_.lu-Facebook-Post.png\" \/>\n\t<meta property=\"og:image:width\" content=\"940\" \/>\n\t<meta property=\"og:image:height\" content=\"788\" \/>\n\t<meta property=\"og:image:type\" content=\"image\/png\" \/>\n<meta name=\"author\" content=\"Cynthia Cocard\" \/>\n<meta name=\"twitter:card\" content=\"summary_large_image\" \/>\n<meta name=\"twitter:label1\" content=\"\u00c9crit par\" \/>\n\t<meta name=\"twitter:data1\" content=\"Cynthia Cocard\" \/>\n\t<meta name=\"twitter:label2\" content=\"Dur\u00e9e de lecture estim\u00e9e\" \/>\n\t<meta name=\"twitter:data2\" content=\"3 minutes\" \/>\n<script type=\"application\/ld+json\" class=\"yoast-schema-graph\">{\"@context\":\"https:\/\/schema.org\",\"@graph\":[{\"@type\":\"Article\",\"@id\":\"https:\/\/www.gsl.lu\/fr\/rtl-steierdag-journee-fiscale-3\/#article\",\"isPartOf\":{\"@id\":\"https:\/\/www.gsl.lu\/fr\/rtl-steierdag-journee-fiscale-3\/\"},\"author\":{\"name\":\"Cynthia Cocard\",\"@id\":\"https:\/\/www.gsl.lu\/fr\/#\/schema\/person\/72ffffdc1fd88da61b4c2570135fe25f\"},\"headline\":\"RTL Steierdag &#8211; Journ\u00e9e Fiscale (3)\",\"datePublished\":\"2024-06-24T14:49:50+00:00\",\"dateModified\":\"2024-06-24T14:50:10+00:00\",\"mainEntityOfPage\":{\"@id\":\"https:\/\/www.gsl.lu\/fr\/rtl-steierdag-journee-fiscale-3\/\"},\"wordCount\":783,\"publisher\":{\"@id\":\"https:\/\/www.gsl.lu\/fr\/#organization\"},\"articleSection\":[\"Actualit\u00e9s\",\"Fiduciaire\"],\"inLanguage\":\"fr-FR\"},{\"@type\":\"WebPage\",\"@id\":\"https:\/\/www.gsl.lu\/fr\/rtl-steierdag-journee-fiscale-3\/\",\"url\":\"https:\/\/www.gsl.lu\/fr\/rtl-steierdag-journee-fiscale-3\/\",\"name\":\"RTL Steierdag - Journ\u00e9e Fiscale (3) - GSL\",\"isPartOf\":{\"@id\":\"https:\/\/www.gsl.lu\/fr\/#website\"},\"datePublished\":\"2024-06-24T14:49:50+00:00\",\"dateModified\":\"2024-06-24T14:50:10+00:00\",\"description\":\"La Journ\u00e9e Fiscale, orchestr\u00e9e par RTL en partenariat avec Ernster \u00e0 la Belle-\u00c9toile, s'est r\u00e9v\u00e9l\u00e9e \u00eatre un rendez-vous incontournable.\",\"breadcrumb\":{\"@id\":\"https:\/\/www.gsl.lu\/fr\/rtl-steierdag-journee-fiscale-3\/#breadcrumb\"},\"inLanguage\":\"fr-FR\",\"potentialAction\":[{\"@type\":\"ReadAction\",\"target\":[\"https:\/\/www.gsl.lu\/fr\/rtl-steierdag-journee-fiscale-3\/\"]}]},{\"@type\":\"BreadcrumbList\",\"@id\":\"https:\/\/www.gsl.lu\/fr\/rtl-steierdag-journee-fiscale-3\/#breadcrumb\",\"itemListElement\":[{\"@type\":\"ListItem\",\"position\":1,\"name\":\"Home\",\"item\":\"https:\/\/www.gsl.lu\/fr\/\"},{\"@type\":\"ListItem\",\"position\":2,\"name\":\"RTL Steierdag &#8211; Journ\u00e9e Fiscale (3)\"}]},{\"@type\":\"WebSite\",\"@id\":\"https:\/\/www.gsl.lu\/fr\/#website\",\"url\":\"https:\/\/www.gsl.lu\/fr\/\",\"name\":\"GSL\",\"description\":\"Fiduciaire | R\u00e9vision | Management\",\"publisher\":{\"@id\":\"https:\/\/www.gsl.lu\/fr\/#organization\"},\"potentialAction\":[{\"@type\":\"SearchAction\",\"target\":{\"@type\":\"EntryPoint\",\"urlTemplate\":\"https:\/\/www.gsl.lu\/fr\/?s={search_term_string}\"},\"query-input\":\"required name=search_term_string\"}],\"inLanguage\":\"fr-FR\"},{\"@type\":\"Organization\",\"@id\":\"https:\/\/www.gsl.lu\/fr\/#organization\",\"name\":\"GSL - Votre partenaire pour une gestion d\u2019entreprise r\u00e9ussie\",\"url\":\"https:\/\/www.gsl.lu\/fr\/\",\"logo\":{\"@type\":\"ImageObject\",\"inLanguage\":\"fr-FR\",\"@id\":\"https:\/\/www.gsl.lu\/fr\/#\/schema\/logo\/image\/\",\"url\":\"https:\/\/www.gsl.lu\/wp-content\/uploads\/2024\/02\/GSL-Group-Logo-2.jpg\",\"contentUrl\":\"https:\/\/www.gsl.lu\/wp-content\/uploads\/2024\/02\/GSL-Group-Logo-2.jpg\",\"width\":9449,\"height\":9449,\"caption\":\"GSL - Votre partenaire pour une gestion d\u2019entreprise r\u00e9ussie\"},\"image\":{\"@id\":\"https:\/\/www.gsl.lu\/fr\/#\/schema\/logo\/image\/\"},\"sameAs\":[\"https:\/\/www.facebook.com\/GSLFiduciaire\",\"https:\/\/www.linkedin.com\/company\/gsl-fiduciaire\",\"https:\/\/www.instagram.com\/gsl.lu\/\"]},{\"@type\":\"Person\",\"@id\":\"https:\/\/www.gsl.lu\/fr\/#\/schema\/person\/72ffffdc1fd88da61b4c2570135fe25f\",\"name\":\"Cynthia Cocard\",\"image\":{\"@type\":\"ImageObject\",\"inLanguage\":\"fr-FR\",\"@id\":\"https:\/\/www.gsl.lu\/fr\/#\/schema\/person\/image\/\",\"url\":\"https:\/\/secure.gravatar.com\/avatar\/16a0eb9a3cf1f1383aaef90672f3836b?s=96&d=mm&r=g\",\"contentUrl\":\"https:\/\/secure.gravatar.com\/avatar\/16a0eb9a3cf1f1383aaef90672f3836b?s=96&d=mm&r=g\",\"caption\":\"Cynthia Cocard\"},\"url\":\"https:\/\/www.gsl.lu\/fr\/author\/kontaktcynthiacocard-com\/\"}]}<\/script>\n<!-- \/ Yoast SEO plugin. -->","yoast_head_json":{"title":"RTL Steierdag - Journ\u00e9e Fiscale (3) - GSL","description":"La Journ\u00e9e Fiscale, orchestr\u00e9e par RTL en partenariat avec Ernster \u00e0 la Belle-\u00c9toile, s'est r\u00e9v\u00e9l\u00e9e \u00eatre un rendez-vous incontournable.","robots":{"index":"index","follow":"follow","max-snippet":"max-snippet:-1","max-image-preview":"max-image-preview:large","max-video-preview":"max-video-preview:-1"},"canonical":"https:\/\/www.gsl.lu\/fr\/rtl-steierdag-journee-fiscale-3\/","og_locale":"fr_FR","og_type":"article","og_title":"RTL Steierdag - Journ\u00e9e Fiscale (3) - GSL","og_description":"La Journ\u00e9e Fiscale, orchestr\u00e9e par RTL en partenariat avec Ernster \u00e0 la Belle-\u00c9toile, s'est r\u00e9v\u00e9l\u00e9e \u00eatre un rendez-vous incontournable.","og_url":"https:\/\/www.gsl.lu\/fr\/rtl-steierdag-journee-fiscale-3\/","og_site_name":"GSL","article_publisher":"https:\/\/www.facebook.com\/GSLFiduciaire","article_published_time":"2024-06-24T14:49:50+00:00","article_modified_time":"2024-06-24T14:50:10+00:00","og_image":[{"width":940,"height":788,"url":"https:\/\/www.gsl.lu\/wp-content\/uploads\/2024\/05\/www.gsl_.lu-Facebook-Post.png","type":"image\/png"}],"author":"Cynthia Cocard","twitter_card":"summary_large_image","twitter_misc":{"\u00c9crit par":"Cynthia Cocard","Dur\u00e9e de lecture estim\u00e9e":"3 minutes"},"schema":{"@context":"https:\/\/schema.org","@graph":[{"@type":"Article","@id":"https:\/\/www.gsl.lu\/fr\/rtl-steierdag-journee-fiscale-3\/#article","isPartOf":{"@id":"https:\/\/www.gsl.lu\/fr\/rtl-steierdag-journee-fiscale-3\/"},"author":{"name":"Cynthia Cocard","@id":"https:\/\/www.gsl.lu\/fr\/#\/schema\/person\/72ffffdc1fd88da61b4c2570135fe25f"},"headline":"RTL Steierdag &#8211; Journ\u00e9e Fiscale (3)","datePublished":"2024-06-24T14:49:50+00:00","dateModified":"2024-06-24T14:50:10+00:00","mainEntityOfPage":{"@id":"https:\/\/www.gsl.lu\/fr\/rtl-steierdag-journee-fiscale-3\/"},"wordCount":783,"publisher":{"@id":"https:\/\/www.gsl.lu\/fr\/#organization"},"articleSection":["Actualit\u00e9s","Fiduciaire"],"inLanguage":"fr-FR"},{"@type":"WebPage","@id":"https:\/\/www.gsl.lu\/fr\/rtl-steierdag-journee-fiscale-3\/","url":"https:\/\/www.gsl.lu\/fr\/rtl-steierdag-journee-fiscale-3\/","name":"RTL Steierdag - Journ\u00e9e Fiscale (3) - GSL","isPartOf":{"@id":"https:\/\/www.gsl.lu\/fr\/#website"},"datePublished":"2024-06-24T14:49:50+00:00","dateModified":"2024-06-24T14:50:10+00:00","description":"La Journ\u00e9e Fiscale, orchestr\u00e9e par RTL en partenariat avec Ernster \u00e0 la Belle-\u00c9toile, s'est r\u00e9v\u00e9l\u00e9e \u00eatre un rendez-vous incontournable.","breadcrumb":{"@id":"https:\/\/www.gsl.lu\/fr\/rtl-steierdag-journee-fiscale-3\/#breadcrumb"},"inLanguage":"fr-FR","potentialAction":[{"@type":"ReadAction","target":["https:\/\/www.gsl.lu\/fr\/rtl-steierdag-journee-fiscale-3\/"]}]},{"@type":"BreadcrumbList","@id":"https:\/\/www.gsl.lu\/fr\/rtl-steierdag-journee-fiscale-3\/#breadcrumb","itemListElement":[{"@type":"ListItem","position":1,"name":"Home","item":"https:\/\/www.gsl.lu\/fr\/"},{"@type":"ListItem","position":2,"name":"RTL Steierdag &#8211; Journ\u00e9e Fiscale (3)"}]},{"@type":"WebSite","@id":"https:\/\/www.gsl.lu\/fr\/#website","url":"https:\/\/www.gsl.lu\/fr\/","name":"GSL","description":"Fiduciaire | R\u00e9vision | Management","publisher":{"@id":"https:\/\/www.gsl.lu\/fr\/#organization"},"potentialAction":[{"@type":"SearchAction","target":{"@type":"EntryPoint","urlTemplate":"https:\/\/www.gsl.lu\/fr\/?s={search_term_string}"},"query-input":"required name=search_term_string"}],"inLanguage":"fr-FR"},{"@type":"Organization","@id":"https:\/\/www.gsl.lu\/fr\/#organization","name":"GSL - Votre partenaire pour une gestion d\u2019entreprise r\u00e9ussie","url":"https:\/\/www.gsl.lu\/fr\/","logo":{"@type":"ImageObject","inLanguage":"fr-FR","@id":"https:\/\/www.gsl.lu\/fr\/#\/schema\/logo\/image\/","url":"https:\/\/www.gsl.lu\/wp-content\/uploads\/2024\/02\/GSL-Group-Logo-2.jpg","contentUrl":"https:\/\/www.gsl.lu\/wp-content\/uploads\/2024\/02\/GSL-Group-Logo-2.jpg","width":9449,"height":9449,"caption":"GSL - Votre partenaire pour une gestion d\u2019entreprise r\u00e9ussie"},"image":{"@id":"https:\/\/www.gsl.lu\/fr\/#\/schema\/logo\/image\/"},"sameAs":["https:\/\/www.facebook.com\/GSLFiduciaire","https:\/\/www.linkedin.com\/company\/gsl-fiduciaire","https:\/\/www.instagram.com\/gsl.lu\/"]},{"@type":"Person","@id":"https:\/\/www.gsl.lu\/fr\/#\/schema\/person\/72ffffdc1fd88da61b4c2570135fe25f","name":"Cynthia Cocard","image":{"@type":"ImageObject","inLanguage":"fr-FR","@id":"https:\/\/www.gsl.lu\/fr\/#\/schema\/person\/image\/","url":"https:\/\/secure.gravatar.com\/avatar\/16a0eb9a3cf1f1383aaef90672f3836b?s=96&d=mm&r=g","contentUrl":"https:\/\/secure.gravatar.com\/avatar\/16a0eb9a3cf1f1383aaef90672f3836b?s=96&d=mm&r=g","caption":"Cynthia Cocard"},"url":"https:\/\/www.gsl.lu\/fr\/author\/kontaktcynthiacocard-com\/"}]}},"jetpack_sharing_enabled":true,"jetpack_featured_media_url":"https:\/\/www.gsl.lu\/wp-content\/uploads\/2024\/05\/www.gsl_.lu-Facebook-Post.png","_links":{"self":[{"href":"https:\/\/www.gsl.lu\/fr\/wp-json\/wp\/v2\/posts\/902"}],"collection":[{"href":"https:\/\/www.gsl.lu\/fr\/wp-json\/wp\/v2\/posts"}],"about":[{"href":"https:\/\/www.gsl.lu\/fr\/wp-json\/wp\/v2\/types\/post"}],"author":[{"embeddable":true,"href":"https:\/\/www.gsl.lu\/fr\/wp-json\/wp\/v2\/users\/2"}],"replies":[{"embeddable":true,"href":"https:\/\/www.gsl.lu\/fr\/wp-json\/wp\/v2\/comments?post=902"}],"version-history":[{"count":2,"href":"https:\/\/www.gsl.lu\/fr\/wp-json\/wp\/v2\/posts\/902\/revisions"}],"predecessor-version":[{"id":906,"href":"https:\/\/www.gsl.lu\/fr\/wp-json\/wp\/v2\/posts\/902\/revisions\/906"}],"wp:featuredmedia":[{"embeddable":true,"href":"https:\/\/www.gsl.lu\/fr\/wp-json\/wp\/v2\/media\/888"}],"wp:attachment":[{"href":"https:\/\/www.gsl.lu\/fr\/wp-json\/wp\/v2\/media?parent=902"}],"wp:term":[{"taxonomy":"category","embeddable":true,"href":"https:\/\/www.gsl.lu\/fr\/wp-json\/wp\/v2\/categories?post=902"},{"taxonomy":"post_tag","embeddable":true,"href":"https:\/\/www.gsl.lu\/fr\/wp-json\/wp\/v2\/tags?post=902"}],"curies":[{"name":"wp","href":"https:\/\/api.w.org\/{rel}","templated":true}]}}